{"id":2157,"date":"2026-09-02T22:08:06","date_gmt":"2026-09-02T20:08:06","guid":{"rendered":"https:\/\/glynisgermanfunerals.com\/el-telefono-del-viento-llega-a-mallorca\/"},"modified":"2026-09-02T22:19:21","modified_gmt":"2026-09-02T20:19:21","slug":"el-telefono-del-viento-llega-a-mallorca","status":"publish","type":"post","link":"https:\/\/glynisgermanfunerals.com\/es\/el-telefono-del-viento-llega-a-mallorca\/","title":{"rendered":"El Tel\u00e9fono del Viento llega a Mallorca"},"content":{"rendered":"<p>Hay una idea que descubr\u00ed durante mi formaci\u00f3n como doula en 2019 y que, a\u00f1os despu\u00e9s, sigue conmigo.<\/p>\n<p>Como parte de la formaci\u00f3n tuvimos que elegir una religi\u00f3n o pr\u00e1ctica espiritual que fuera desconocida para nosotros y preparar una presentaci\u00f3n sobre ella. Yo eleg\u00ed el Shinto, y aquello me llev\u00f3 a investigar sobre Jap\u00f3n, el tsunami de 2011 y, finalmente, descubr\u00ed el \u00abTel\u00e9fono del Viento\u00bb.<\/p>\n<p>Es un tel\u00e9fono que no est\u00e1 conectado a ninguna l\u00ednea y que permite hablar, de manera simb\u00f3lica, con alguien que ha muerto.<\/p>\n<p>La idea naci\u00f3 en Jap\u00f3n y, despu\u00e9s del tsunami de 2011, se convirti\u00f3 en un lugar de consuelo para muchas personas que hab\u00edan perdido a sus seres queridos. Desde entonces, los Tel\u00e9fonos del Viento han aparecido en distintos lugares del mundo.<\/p>\n<p>Nunca hab\u00eda o\u00eddo hablar de \u00e9l antes de aquella investigaci\u00f3n, pero se me qued\u00f3 en la cabeza.<\/p>\n<p>As\u00ed que cuando surgi\u00f3 la oportunidad de crear uno aqu\u00ed en Mallorca, junto con <a href=\"https:\/\/paliativosdime.org\/\" target=\"_blank\" rel=\"noopener\">DIME Paliativos<\/a> y el <a href=\"https:\/\/www.instagram.com\/hospitaljoanmarch\/?hl=en\" target=\"_blank\" rel=\"noopener\">Hospital Joan March<\/a>, pens\u00e9: \u00bfpor qu\u00e9 no?<\/p>\n<p>Y ahora est\u00e1 empezando a hacerse realidad.<\/p>\n<p>El hospital nos ha dado un precioso espacio en sus terrenos y ya ha preparado el camino, que adem\u00e1s permite el acceso en silla de ruedas. Tenemos la caseta, tenemos el tel\u00e9fono y <a href=\"https:\/\/www.kiraball.com\/\" target=\"_blank\" rel=\"noopener\">Kira Ball<\/a> ha dise\u00f1ado el jard\u00edn.<\/p>\n<p>Ahora necesitamos terminarlo.<\/p>\n<p>Nuestro objetivo es recaudar 3.000 \u20ac para plantas, piedras decorativas, bancos, un jacarand\u00e1, tierra, riego, se\u00f1alizaci\u00f3n y otros materiales.<\/p>\n<p>Si quieres ayudarnos -con una donaci\u00f3n, materiales, contactos o simplemente compartiendo el proyecto- encontrar\u00e1s toda la informaci\u00f3n en <a href=\"https:\/\/dandovidaalamuerte.org\/el-telefono-del-viento-llega-a-mallorca\/\" target=\"_blank\" rel=\"noopener\">la p\u00e1gina del proyecto<\/a> de Dando Vida a la Muerte.<\/p>\n<p>Porque a veces necesitamos un lugar donde poder decir las cosas que no pudimos decir.<\/p>\n","protected":false},"excerpt":{"rendered":"<p>Hay una idea que descubr\u00ed durante mi formaci\u00f3n como doula en 2019 y que, a\u00f1os despu\u00e9s, sigue conmigo. Como parte de la formaci\u00f3n tuvimos que elegir una religi\u00f3n o pr\u00e1ctica espiritual que fuera desconocida para nosotros y preparar una presentaci\u00f3n sobre ella. Yo eleg\u00ed el Shinto, y aquello me llev\u00f3 a investigar sobre Jap\u00f3n, el [&hellip;]<\/p>\n","protected":false},"author":2,"featured_media":2156,"comment_status":"open","ping_status":"open","sticky":false,"template":"","format":"standard","meta":{"_acf_changed":false,"_et_pb_use_builder":"","_et_pb_old_content":"","_et_gb_content_width":"","footnotes":""},"categories":[109],"tags":[113,114,111,112,110],"class_list":["post-2157","post","type-post","status-publish","format-standard","has-post-thumbnail","hentry","category-telefono-del-viento","tag-duelo-2","tag-duelo-3","tag-hospital-joan-march","tag-mallorca","tag-telefono-del-viento"],"acf":[],"_links":{"self":[{"href":"https:\/\/glynisgermanfunerals.com\/es\/wp-json\/wp\/v2\/posts\/2157","targetHints":{"allow":["GET"]}}],"collection":[{"href":"https:\/\/glynisgermanfunerals.com\/es\/wp-json\/wp\/v2\/posts"}],"about":[{"href":"https:\/\/glynisgermanfunerals.com\/es\/wp-json\/wp\/v2\/types\/post"}],"author":[{"embeddable":true,"href":"https:\/\/glynisgermanfunerals.com\/es\/wp-json\/wp\/v2\/users\/2"}],"replies":[{"embeddable":true,"href":"https:\/\/glynisgermanfunerals.com\/es\/wp-json\/wp\/v2\/comments?post=2157"}],"version-history":[{"count":1,"href":"https:\/\/glynisgermanfunerals.com\/es\/wp-json\/wp\/v2\/posts\/2157\/revisions"}],"predecessor-version":[{"id":2162,"href":"https:\/\/glynisgermanfunerals.com\/es\/wp-json\/wp\/v2\/posts\/2157\/revisions\/2162"}],"wp:featuredmedia":[{"embeddable":true,"href":"https:\/\/glynisgermanfunerals.com\/es\/wp-json\/wp\/v2\/media\/2156"}],"wp:attachment":[{"href":"https:\/\/glynisgermanfunerals.com\/es\/wp-json\/wp\/v2\/media?parent=2157"}],"wp:term":[{"taxonomy":"category","embeddable":true,"href":"https:\/\/glynisgermanfunerals.com\/es\/wp-json\/wp\/v2\/categories?post=2157"},{"taxonomy":"post_tag","embeddable":true,"href":"https:\/\/glynisgermanfunerals.com\/es\/wp-json\/wp\/v2\/tags?post=2157"}],"curies":[{"name":"wp","href":"https:\/\/api.w.org\/{rel}","templated":true}]}}